{"id":6398,"date":"2023-10-10T15:18:04","date_gmt":"2023-10-10T15:18:04","guid":{"rendered":"https:\/\/sdmtest.strettodimessina.it\/?p=6398"},"modified":"2025-03-21T08:50:15","modified_gmt":"2025-03-21T08:50:15","slug":"incontro-di-lavoro-tra-il-sindaco-di-villa-san-giovanni-giusy-caminiti-e-lad-di-stretto-di-messina-pietro-ciucci","status":"publish","type":"post","link":"https:\/\/strettodimessina.it\/web\/incontro-di-lavoro-tra-il-sindaco-di-villa-san-giovanni-giusy-caminiti-e-lad-di-stretto-di-messina-pietro-ciucci\/","title":{"rendered":"INCONTRO DI LAVORO TRA IL SINDACO DI VILLA SAN GIOVANNI GIUSY CAMINITI E L\u2019AD DI STRETTO DI MESSINA PIETRO CIUCCI"},"content":{"rendered":"\t\t<div data-elementor-type=\"wp-post\" data-elementor-id=\"6398\" class=\"elementor elementor-6398\" data-elementor-post-type=\"post\">\n\t\t\t\t<div class=\"elementor-element elementor-element-155b8593 e-flex e-con-boxed e-con e-parent\" data-id=\"155b8593\" data-element_type=\"container\" data-e-type=\"container\">\n\t\t\t\t\t<div class=\"e-con-inner\">\n\t\t\t\t<div class=\"elementor-element elementor-element-97a5fe4 elementor-widget elementor-widget-theme-post-title elementor-page-title elementor-widget-heading\" data-id=\"97a5fe4\" data-element_type=\"widget\" data-e-type=\"widget\" data-widget_type=\"theme-post-title.default\">\n\t\t\t\t<div class=\"elementor-widget-container\">\n\t\t\t\t\t<h1 class=\"elementor-heading-title elementor-size-default\">INCONTRO DI LAVORO TRA IL SINDACO DI VILLA SAN GIOVANNI GIUSY CAMINITI E L\u2019AD DI STRETTO DI MESSINA PIETRO CIUCCI<\/h1>\t\t\t\t<\/div>\n\t\t\t\t<\/div>\n\t\t\t\t<div class=\"elementor-element elementor-element-576f7899 elementor-widget elementor-widget-text-editor\" data-id=\"576f7899\" data-element_type=\"widget\" data-e-type=\"widget\" data-widget_type=\"text-editor.default\">\n\t\t\t\t<div class=\"elementor-widget-container\">\n\t\t\t\t\t\t\t\t\t\n<p>Oggi a Roma presso la sede della societ\u00e0 Stretto di Messina il Sindaco di Villa San Giovanni <strong>Giusy Caminiti<\/strong> ha incontrato l\u2019Amministratore delegato di Stretto di Messina <strong>Pietro Ciucci<\/strong>.<\/p>\n<p>Molti i temi di confronto emersi nel corso della riunione odierna a partire dall\u2019esito del Tavolo Tecnico del 27 settembre scorso tra i rappresentati del Comune di Villa San Giovanni e gli ingegneri responsabili dell\u2019area tecnica della Stretto di Messina, che ha avuto a riferimento tra l\u2019altro: i collegamenti stradali e ferroviari; la viabilit\u00e0 con l\u2019apertura dei cantieri per la quale sono state confermate le misure di mitigazione gi\u00e0 individuate a suo tempo che saranno ulteriormente dettagliate con il progetto esecutivo; l\u2019aggiornamento dello stato delle procedure espropriative con l\u2019obiettivo di definire un percorso chiaro, trasparente, agevolato e vigilato per tutti i soggetti coinvolti; l\u2019apertura di una sede della societ\u00e0 a Villa San Giovanni; il Centro direzionale del ponte in localit\u00e0 Piale, per il quale \u00e8 stata individuata la soluzione per realizzare la prevista isola ecologica; le opere accessorie gi\u00e0 inserite nel progetto definitivo e quelle di integrazione territoriale, da individuare con l\u2019Amministrazione di Villa San Giovanni che saranno poi sottoposte al CIPESS in sede di approvazione del progetto definitivo; il progetto di parco in area Forte Beleno e il progetto di mascheramento della variante di Cannitello.<\/p>\n<p>Per quest\u2019ultimo aspetto sempre nella stessa giornata si \u00e8 tenuta, presso la Stretto di Messina, una riunione ad hoc tra il sindaco Caminiti, l\u2019Assessore ai lavori pubblici e urbanistica Albino Rizzuto, il consigliere Franco Scicchitano, l\u2019architetto Franco Carpinelli, i tecnici di Stretto di Messina e Rete Ferroviaria Italiana (RFI) volta a individuarne un percorso risolutivo per la variante di Cannitello.<\/p>\n<p>\u201cL\u2019incontro di oggi, unitamente al Tavolo Tecnico della settimana scorsa \u2013 ha commentato il <strong>Sindaco di Villa San Giovanni Giusy Caminiti<\/strong> \u2013 testimoniano il grande impegno dell\u2019amministrazione di Villa San Giovanni nel mantenere un confronto costante sul ponte nel rispetto delle scelte strategiche pianificate per la citt\u00e0 di Villa, massimizzando le opportunit\u00e0 e offrendo il massimo sostegno alla cittadinanza gi\u00e0 dalla fase progettuali\u201d.<\/p>\n<p>\u201cUno dei principali impegni della Stretto di Messina &#8211; ha dichiarato <strong>l\u2019Amministratore delegato di Stretto di Messina Pietro Ciucci<\/strong> &#8211; \u00e8 mantenere un costante dialogo e confronto con le citt\u00e0 interessate dal ponte perch\u00e9 \u00e8 un\u2019opera del territorio realizzata per il territorio. Ancor pi\u00f9 oggi con l\u2019avvenuta consegna della relazione del progettista che permette di entrare nel vivo del cronoprogramma per l\u2019approvazione del progetto definitivo\u201d.<\/p>\n\t\t\t\t\t\t\t\t<\/div>\n\t\t\t\t<\/div>\n\t\t\t\t<div class=\"elementor-element elementor-element-2308cfb elementor-widget elementor-widget-image\" data-id=\"2308cfb\" data-element_type=\"widget\" data-e-type=\"widget\" data-widget_type=\"image.default\">\n\t\t\t\t<div class=\"elementor-widget-container\">\n\t\t\t\t\t\t\t\t\t\t\t\t\t\t\t<img loading=\"lazy\" decoding=\"async\" width=\"1920\" height=\"1080\" src=\"https:\/\/strettodimessina.it\/web\/wp-content\/uploads\/2023\/10\/1000020331-03.jpeg\" class=\"attachment-full size-full wp-image-6469\" alt=\"\" srcset=\"https:\/\/strettodimessina.it\/web\/wp-content\/uploads\/2023\/10\/1000020331-03.jpeg 1920w, https:\/\/strettodimessina.it\/web\/wp-content\/uploads\/2023\/10\/1000020331-03-300x169.jpeg 300w, https:\/\/strettodimessina.it\/web\/wp-content\/uploads\/2023\/10\/1000020331-03-1024x576.jpeg 1024w, https:\/\/strettodimessina.it\/web\/wp-content\/uploads\/2023\/10\/1000020331-03-768x432.jpeg 768w, https:\/\/strettodimessina.it\/web\/wp-content\/uploads\/2023\/10\/1000020331-03-1536x864.jpeg 1536w, https:\/\/strettodimessina.it\/web\/wp-content\/uploads\/2023\/10\/1000020331-03-400x225.jpeg 400w, https:\/\/strettodimessina.it\/web\/wp-content\/uploads\/2023\/10\/1000020331-03-600x338.jpeg 600w, https:\/\/strettodimessina.it\/web\/wp-content\/uploads\/2023\/10\/1000020331-03-1154x649.jpeg 1154w\" sizes=\"auto, (max-width: 1920px) 100vw, 1920px\" \/>\t\t\t\t\t\t\t\t\t\t\t\t\t\t\t<\/div>\n\t\t\t\t<\/div>\n\t\t\t\t\t<\/div>\n\t\t\t\t<\/div>\n\t\t\t\t<\/div>\n\t\t","protected":false},"excerpt":{"rendered":"<p>Oggi a Roma presso la sede della societ\u00e0 Stretto di Messina il Sindaco di Villa San Giovanni Giusy Caminiti ha&#8230;<\/p>\n","protected":false},"author":1,"featured_media":6466,"comment_status":"closed","ping_status":"closed","sticky":false,"template":"","format":"standard","meta":{"inline_featured_image":false,"footnotes":""},"categories":[31],"tags":[],"class_list":["post-6398","post","type-post","status-publish","format-standard","has-post-thumbnail","hentry","category-comunicati"],"aioseo_notices":[],"_links":{"self":[{"href":"https:\/\/strettodimessina.it\/web\/wp-json\/wp\/v2\/posts\/6398","targetHints":{"allow":["GET"]}}],"collection":[{"href":"https:\/\/strettodimessina.it\/web\/wp-json\/wp\/v2\/posts"}],"about":[{"href":"https:\/\/strettodimessina.it\/web\/wp-json\/wp\/v2\/types\/post"}],"author":[{"embeddable":true,"href":"https:\/\/strettodimessina.it\/web\/wp-json\/wp\/v2\/users\/1"}],"replies":[{"embeddable":true,"href":"https:\/\/strettodimessina.it\/web\/wp-json\/wp\/v2\/comments?post=6398"}],"version-history":[{"count":43,"href":"https:\/\/strettodimessina.it\/web\/wp-json\/wp\/v2\/posts\/6398\/revisions"}],"predecessor-version":[{"id":17180,"href":"https:\/\/strettodimessina.it\/web\/wp-json\/wp\/v2\/posts\/6398\/revisions\/17180"}],"wp:featuredmedia":[{"embeddable":true,"href":"https:\/\/strettodimessina.it\/web\/wp-json\/wp\/v2\/media\/6466"}],"wp:attachment":[{"href":"https:\/\/strettodimessina.it\/web\/wp-json\/wp\/v2\/media?parent=6398"}],"wp:term":[{"taxonomy":"category","embeddable":true,"href":"https:\/\/strettodimessina.it\/web\/wp-json\/wp\/v2\/categories?post=6398"},{"taxonomy":"post_tag","embeddable":true,"href":"https:\/\/strettodimessina.it\/web\/wp-json\/wp\/v2\/tags?post=6398"}],"curies":[{"name":"wp","href":"https:\/\/api.w.org\/{rel}","templated":true}]}}