{"id":21064,"date":"2026-01-25T14:49:17","date_gmt":"2026-01-25T13:49:17","guid":{"rendered":"https:\/\/strettodimessina.it\/web\/?p=21064"},"modified":"2026-01-28T14:55:15","modified_gmt":"2026-01-28T13:55:15","slug":"con-la-costruzione-del-ponte-si-avra-maggiore-accessibilita-minori-costi-di-trasporto-e-effetti-positivi-sulla-produttivita","status":"publish","type":"post","link":"https:\/\/strettodimessina.it\/web\/con-la-costruzione-del-ponte-si-avra-maggiore-accessibilita-minori-costi-di-trasporto-e-effetti-positivi-sulla-produttivita\/","title":{"rendered":"CON LA COSTRUZIONE DEL PONTE SI AVR\u00c0 MAGGIORE ACCESSIBILIT\u00c0, MINORI COSTI DI TRASPORTO E EFFETTI POSITIVI SULLA PRODUTTIVIT\u00c0"},"content":{"rendered":"\t\t<div data-elementor-type=\"wp-post\" data-elementor-id=\"21064\" class=\"elementor elementor-21064\" data-elementor-post-type=\"post\">\n\t\t\t\t<div class=\"elementor-element elementor-element-4a615714 e-flex e-con-boxed e-con e-parent\" data-id=\"4a615714\" data-element_type=\"container\" data-e-type=\"container\">\n\t\t\t\t\t<div class=\"e-con-inner\">\n\t\t\t\t<div class=\"elementor-element elementor-element-ac0714f elementor-widget elementor-widget-theme-post-title elementor-page-title elementor-widget-heading\" data-id=\"ac0714f\" data-element_type=\"widget\" data-e-type=\"widget\" data-widget_type=\"theme-post-title.default\">\n\t\t\t\t<div class=\"elementor-widget-container\">\n\t\t\t\t\t<h1 class=\"elementor-heading-title elementor-size-default\">CON LA COSTRUZIONE DEL PONTE SI AVR\u00c0 MAGGIORE ACCESSIBILIT\u00c0, MINORI COSTI DI TRASPORTO E EFFETTI POSITIVI SULLA PRODUTTIVIT\u00c0<\/h1>\t\t\t\t<\/div>\n\t\t\t\t<\/div>\n\t\t\t\t<div class=\"elementor-element elementor-element-2bd14267 elementor-widget elementor-widget-text-editor\" data-id=\"2bd14267\" data-element_type=\"widget\" data-e-type=\"widget\" data-widget_type=\"text-editor.default\">\n\t\t\t\t<div class=\"elementor-widget-container\">\n\t\t\t\t\t\t\t\t\t<div class=\"elementToProof\"><p style=\"font-weight: 400;\"><em>25 gennaio 2026<br \/><\/em>Stato di avanzamento e impatto socioeconomico al centro dell\u2019intervento dell\u2019Ing. Valerio Mele, Direttore Tecnico della Stretto di Messina a oggi a \u201cIdee in Movimento\u201d. Il collegamento stabile tra Sicilia e Calabria \u00e8 un progetto che va oltre l\u2019ingegneria: pu\u00f2 diventare una leva di sviluppo sostenibile e inclusivo per le aree coinvolte, rispondendo a esigenze storiche di connessione e competitivit\u00e0, trasformando potenzialit\u00e0 rimaste finora inespresse.<br \/>Oggi al competitivit\u00e0 si gioca sulla connessione dei territori: in un\u2019Europa sempre pi\u00f9 connessa e integrata, il collegamento stabile tra Sicilia e continente rappresenta un tassello coerente con l\u2019obiettivo europeo di accelerare i collegamenti mancanti, soprattutto quelli strategici e transfrontalieri.<\/p><p style=\"font-weight: 400;\">Gli impatti economici dell\u2019opera possono sostanzialmente essere raggruppati in tre categorie:<br \/>a) gli effetti economici ed occupazionali derivanti dalla costruzione dell\u2019opera;<br \/>b) gli effetti sulla produttivit\u00e0 delle imprese derivanti dall\u2019aumentata accessibilit\u00e0;<br \/>c) gli effetti sulle economie urbane di Messina e Reggio Calabria.<\/p><p style=\"font-weight: 400;\">L\u2019obiettivo \u00e8 di pervenire, auspicabilmente entro l\u2019estate ad una nuova delibera CIPESS di approvazione del progetto definitivo, per una registrazione piena senza riserve da parte della Corte.<\/p><\/div><p><!-- \/wp:paragraph --><\/p>\t\t\t\t\t\t\t\t<\/div>\n\t\t\t\t<\/div>\n\t\t\t\t<div class=\"elementor-element elementor-element-387ef4c elementor-widget elementor-widget-html\" data-id=\"387ef4c\" data-element_type=\"widget\" data-e-type=\"widget\" data-widget_type=\"html.default\">\n\t\t\t\t<div class=\"elementor-widget-container\">\n\t\t\t\t\t<style>\n    .elementor a {\n    color: #156fbf;\n}\n<\/style>\t\t\t\t<\/div>\n\t\t\t\t<\/div>\n\t\t\t\t\t<\/div>\n\t\t\t\t<\/div>\n\t\t\t\t<\/div>\n\t\t","protected":false},"excerpt":{"rendered":"<p>Stato di avanzamento e impatto socioeconomico al centro dell\u2019intervento dell\u2019Ing. Valerio Mele, Direttore Tecnico della Stretto di Messina a oggi a \u201cIdee in Movimento\u201d&#8230;<\/p>\n","protected":false},"author":1,"featured_media":21066,"comment_status":"closed","ping_status":"closed","sticky":false,"template":"","format":"standard","meta":{"inline_featured_image":false,"footnotes":""},"categories":[31],"tags":[],"class_list":["post-21064","post","type-post","status-publish","format-standard","has-post-thumbnail","hentry","category-comunicati"],"aioseo_notices":[],"_links":{"self":[{"href":"https:\/\/strettodimessina.it\/web\/wp-json\/wp\/v2\/posts\/21064","targetHints":{"allow":["GET"]}}],"collection":[{"href":"https:\/\/strettodimessina.it\/web\/wp-json\/wp\/v2\/posts"}],"about":[{"href":"https:\/\/strettodimessina.it\/web\/wp-json\/wp\/v2\/types\/post"}],"author":[{"embeddable":true,"href":"https:\/\/strettodimessina.it\/web\/wp-json\/wp\/v2\/users\/1"}],"replies":[{"embeddable":true,"href":"https:\/\/strettodimessina.it\/web\/wp-json\/wp\/v2\/comments?post=21064"}],"version-history":[{"count":4,"href":"https:\/\/strettodimessina.it\/web\/wp-json\/wp\/v2\/posts\/21064\/revisions"}],"predecessor-version":[{"id":21069,"href":"https:\/\/strettodimessina.it\/web\/wp-json\/wp\/v2\/posts\/21064\/revisions\/21069"}],"wp:featuredmedia":[{"embeddable":true,"href":"https:\/\/strettodimessina.it\/web\/wp-json\/wp\/v2\/media\/21066"}],"wp:attachment":[{"href":"https:\/\/strettodimessina.it\/web\/wp-json\/wp\/v2\/media?parent=21064"}],"wp:term":[{"taxonomy":"category","embeddable":true,"href":"https:\/\/strettodimessina.it\/web\/wp-json\/wp\/v2\/categories?post=21064"},{"taxonomy":"post_tag","embeddable":true,"href":"https:\/\/strettodimessina.it\/web\/wp-json\/wp\/v2\/tags?post=21064"}],"curies":[{"name":"wp","href":"https:\/\/api.w.org\/{rel}","templated":true}]}}