{"id":17610,"date":"2025-04-16T12:40:13","date_gmt":"2025-04-16T12:40:13","guid":{"rendered":"https:\/\/strettodimessina.it\/web\/?p=17610"},"modified":"2025-04-16T13:23:32","modified_gmt":"2025-04-16T13:23:32","slug":"nessun-aumento-di-stipendi-organizzazione-in-linea-con-stadard-internazionali","status":"publish","type":"post","link":"https:\/\/strettodimessina.it\/web\/nessun-aumento-di-stipendi-organizzazione-in-linea-con-stadard-internazionali\/","title":{"rendered":"NESSUN AUMENTO DI STIPENDI, ORGANIZZAZIONE IN LINEA CON STADARD INTERNAZIONALI"},"content":{"rendered":"\t\t<div data-elementor-type=\"wp-post\" data-elementor-id=\"17610\" class=\"elementor elementor-17610\" data-elementor-post-type=\"post\">\n\t\t\t\t<div class=\"elementor-element elementor-element-4a615714 e-flex e-con-boxed e-con e-parent\" data-id=\"4a615714\" data-element_type=\"container\" data-e-type=\"container\">\n\t\t\t\t\t<div class=\"e-con-inner\">\n\t\t\t\t<div class=\"elementor-element elementor-element-ac0714f elementor-widget elementor-widget-theme-post-title elementor-page-title elementor-widget-heading\" data-id=\"ac0714f\" data-element_type=\"widget\" data-e-type=\"widget\" data-widget_type=\"theme-post-title.default\">\n\t\t\t\t<div class=\"elementor-widget-container\">\n\t\t\t\t\t<h1 class=\"elementor-heading-title elementor-size-default\">NESSUN AUMENTO DI STIPENDI, ORGANIZZAZIONE IN LINEA CON STADARD INTERNAZIONALI<\/h1>\t\t\t\t<\/div>\n\t\t\t\t<\/div>\n\t\t\t\t<div class=\"elementor-element elementor-element-dcaca4d elementor-widget elementor-widget-text-editor\" data-id=\"dcaca4d\" data-element_type=\"widget\" data-e-type=\"widget\" data-widget_type=\"text-editor.default\">\n\t\t\t\t<div class=\"elementor-widget-container\">\n\t\t\t\t\t\t\t\t\t<p><em>Roma, 16 aprile 2025<\/em><br \/>Nessuna \u201cquadruplicazione\u201d di stipendi tra il 2023 e il 2024, cos\u00ec la Stretto di Messina risponde ad alcune affermazioni riportate dai media.<\/p><p>La Societ\u00e0 Stretto di Messina \u00e8 ripartita nel giugno del 2023 e il costo del personale \u2013 pressoch\u00e9 interamente distaccato da Anas e RFI \u2013 riguarda soltanto pochi mesi del 2023, mentre per il 2024 si riferisce all\u2019intero anno.<\/p><p>I compensi per il CDA e in particolare per il Presidente e per l\u2019Amministratore delegato sono stati fissati entro i limiti previsti dal cosiddetto \u201ctetto ai compensi\u201d definito dalle norme di legge in vigore.<\/p><p>La deroga al tetto sui compensi, prevista per legge per il solo personale dipendente di Stretto di Messina, riguarda attualmente due dirigenti di alto profilo e risponde alla necessit\u00e0 di assicurare alla societ\u00e0 le professionalit\u00e0 idonee per la realizzazione di un\u2019opera come il ponte sullo Stretto di Messina e, quindi, di essere in grado di dialogare, negoziare e controllare tutti i soggetti italiani e internazionali coinvolti nella realizzazione che possono contare su organizzazioni di primo livello.\u00a0<\/p><p>La societ\u00e0 ha ricevuto dal Governo e dal Parlamento il compito di realizzare L\u2019Opera che comporta un investimento di 13,5 miliardi di euro.<\/p><p>L\u2019organizzazione prevista \u00e8 assolutamente in linea con standard internazionali per societ\u00e0 di progetto impegnate in opere analoghe.<\/p>\t\t\t\t\t\t\t\t<\/div>\n\t\t\t\t<\/div>\n\t\t\t\t\t<\/div>\n\t\t\t\t<\/div>\n\t\t\t\t<\/div>\n\t\t","protected":false},"excerpt":{"rendered":"<p>Nessuna \u201cquadruplicazione\u201d di stipendi tra il 2023 e il 2024, cos\u00ec la Stretto di Messina risponde ad alcune affermazioni riportate dai media&#8230;<\/p>\n","protected":false},"author":1,"featured_media":17612,"comment_status":"closed","ping_status":"closed","sticky":false,"template":"","format":"standard","meta":{"inline_featured_image":false,"footnotes":""},"categories":[31],"tags":[],"class_list":["post-17610","post","type-post","status-publish","format-standard","has-post-thumbnail","hentry","category-comunicati"],"aioseo_notices":[],"_links":{"self":[{"href":"https:\/\/strettodimessina.it\/web\/wp-json\/wp\/v2\/posts\/17610","targetHints":{"allow":["GET"]}}],"collection":[{"href":"https:\/\/strettodimessina.it\/web\/wp-json\/wp\/v2\/posts"}],"about":[{"href":"https:\/\/strettodimessina.it\/web\/wp-json\/wp\/v2\/types\/post"}],"author":[{"embeddable":true,"href":"https:\/\/strettodimessina.it\/web\/wp-json\/wp\/v2\/users\/1"}],"replies":[{"embeddable":true,"href":"https:\/\/strettodimessina.it\/web\/wp-json\/wp\/v2\/comments?post=17610"}],"version-history":[{"count":7,"href":"https:\/\/strettodimessina.it\/web\/wp-json\/wp\/v2\/posts\/17610\/revisions"}],"predecessor-version":[{"id":17618,"href":"https:\/\/strettodimessina.it\/web\/wp-json\/wp\/v2\/posts\/17610\/revisions\/17618"}],"wp:featuredmedia":[{"embeddable":true,"href":"https:\/\/strettodimessina.it\/web\/wp-json\/wp\/v2\/media\/17612"}],"wp:attachment":[{"href":"https:\/\/strettodimessina.it\/web\/wp-json\/wp\/v2\/media?parent=17610"}],"wp:term":[{"taxonomy":"category","embeddable":true,"href":"https:\/\/strettodimessina.it\/web\/wp-json\/wp\/v2\/categories?post=17610"},{"taxonomy":"post_tag","embeddable":true,"href":"https:\/\/strettodimessina.it\/web\/wp-json\/wp\/v2\/tags?post=17610"}],"curies":[{"name":"wp","href":"https:\/\/api.w.org\/{rel}","templated":true}]}}