{"id":14245,"date":"2025-01-16T09:31:39","date_gmt":"2025-01-16T09:31:39","guid":{"rendered":"https:\/\/strettodimessina.it\/web\/?p=14245"},"modified":"2025-03-21T08:53:28","modified_gmt":"2025-03-21T08:53:28","slug":"ponte-stretto-ad-ciucci-infondata-la-notizia-su-ammissibilita-da-parte-del-tar","status":"publish","type":"post","link":"https:\/\/strettodimessina.it\/web\/ponte-stretto-ad-ciucci-infondata-la-notizia-su-ammissibilita-da-parte-del-tar\/","title":{"rendered":"PONTE STRETTO, AD CIUCCI: \u201cINFONDATA LA NOTIZIA SU AMMISSIBILIT\u00c0 DA PARTE DEL TAR\u201d"},"content":{"rendered":"\t\t<div data-elementor-type=\"wp-post\" data-elementor-id=\"14245\" class=\"elementor elementor-14245\" data-elementor-post-type=\"post\">\n\t\t\t\t<div class=\"elementor-element elementor-element-4a615714 e-flex e-con-boxed e-con e-parent\" data-id=\"4a615714\" data-element_type=\"container\" data-e-type=\"container\">\n\t\t\t\t\t<div class=\"e-con-inner\">\n\t\t\t\t<div class=\"elementor-element elementor-element-ac0714f elementor-widget elementor-widget-theme-post-title elementor-page-title elementor-widget-heading\" data-id=\"ac0714f\" data-element_type=\"widget\" data-e-type=\"widget\" data-widget_type=\"theme-post-title.default\">\n\t\t\t\t<div class=\"elementor-widget-container\">\n\t\t\t\t\t<h1 class=\"elementor-heading-title elementor-size-default\">PONTE STRETTO, AD CIUCCI: \u201cINFONDATA LA NOTIZIA SU AMMISSIBILIT\u00c0 DA PARTE DEL TAR\u201d<\/h1>\t\t\t\t<\/div>\n\t\t\t\t<\/div>\n\t\t\t\t<div class=\"elementor-element elementor-element-dcaca4d elementor-widget elementor-widget-text-editor\" data-id=\"dcaca4d\" data-element_type=\"widget\" data-e-type=\"widget\" data-widget_type=\"text-editor.default\">\n\t\t\t\t<div class=\"elementor-widget-container\">\n\t\t\t\t\t\t\t\t\t<p><em>Roma, 16 gennaio 2025<\/em> \u2013 In merito al ricorso al Tar presentato dalle amministrazioni comunali di Reggio Calabria e Villa San Giovanni, l\u2019Amministratore delegato della Stretto di Messina, Pietro Ciucci, ha dichiarato che la notizia sulla ammissibilit\u00e0 del ricorso \u00e8 infondata.<br \/><br \/>\u201cLa ricostruzione fornita dei fatti &#8211; ha dichiarato Ciucci &#8211; non \u00e8 assolutamente coerente con lo svolgimento dell\u2019udienza. In particolare, diversamente da quanto ricostruito, l\u2019avvocato incaricato dalle due amministrazioni ha rinunciato alla fase cautelare da lui stesso richiesta, con conseguente cancellazione dal ruolo della causa disposta dal Presidente della sezione. \u00c8 quindi falso che il TAR abbia \u201cdichiarato ammissibile l\u2019impugnazione del parere della commissione Via Vas\u201d e non abbia accolto l\u2019istanza del Ministero delle Infrastrutture e di Stretto di Messina\u201d.<br \/>\u201cCi\u00f2 che \u00e8 avvenuto processualmente &#8211; ha continuato Ciucci &#8211; \u00e8 la rinuncia alla fase cautelare del giudizio da parte dei ricorrenti, che comporter\u00e0 la fissazione di una nuova udienza di merito da parte del Tribunale Amministrativo\u201d.<br \/>\u201cNessuna istanza del MIT e della societ\u00e0 \u00e8 stata respinta &#8211; ha concluso Ciucci -, al contrario la rinuncia alla fase cautelare da parte dei ricorrenti conferma la correttezza dell\u2019eccezione sollevata dal MIT e dalla societ\u00e0 circa l\u2019assenza dei presupposti di urgenza per la richiesta di sospensione del parere VIA\u201d.<\/p>\t\t\t\t\t\t\t\t<\/div>\n\t\t\t\t<\/div>\n\t\t\t\t\t<\/div>\n\t\t\t\t<\/div>\n\t\t<div class=\"elementor-element elementor-element-2cc11b1 e-flex e-con-boxed e-con e-parent\" data-id=\"2cc11b1\" data-element_type=\"container\" data-e-type=\"container\">\n\t\t\t\t\t<div class=\"e-con-inner\">\n\t\t\t\t<div class=\"elementor-element elementor-element-7811def elementor-widget elementor-widget-image\" data-id=\"7811def\" data-element_type=\"widget\" data-e-type=\"widget\" data-widget_type=\"image.default\">\n\t\t\t\t<div class=\"elementor-widget-container\">\n\t\t\t\t\t\t\t\t\t\t\t\t\t\t\t<img loading=\"lazy\" decoding=\"async\" width=\"1886\" height=\"372\" src=\"https:\/\/strettodimessina.it\/web\/wp-content\/uploads\/2025\/01\/screenshot-c.c.-14.01.2025.png\" class=\"attachment-full size-full wp-image-14261\" alt=\"\" srcset=\"https:\/\/strettodimessina.it\/web\/wp-content\/uploads\/2025\/01\/screenshot-c.c.-14.01.2025.png 1886w, https:\/\/strettodimessina.it\/web\/wp-content\/uploads\/2025\/01\/screenshot-c.c.-14.01.2025-300x59.png 300w, https:\/\/strettodimessina.it\/web\/wp-content\/uploads\/2025\/01\/screenshot-c.c.-14.01.2025-1024x202.png 1024w, https:\/\/strettodimessina.it\/web\/wp-content\/uploads\/2025\/01\/screenshot-c.c.-14.01.2025-768x151.png 768w, https:\/\/strettodimessina.it\/web\/wp-content\/uploads\/2025\/01\/screenshot-c.c.-14.01.2025-1536x303.png 1536w, https:\/\/strettodimessina.it\/web\/wp-content\/uploads\/2025\/01\/screenshot-c.c.-14.01.2025-18x4.png 18w, https:\/\/strettodimessina.it\/web\/wp-content\/uploads\/2025\/01\/screenshot-c.c.-14.01.2025-400x79.png 400w, https:\/\/strettodimessina.it\/web\/wp-content\/uploads\/2025\/01\/screenshot-c.c.-14.01.2025-600x118.png 600w\" sizes=\"auto, (max-width: 1886px) 100vw, 1886px\" \/>\t\t\t\t\t\t\t\t\t\t\t\t\t\t\t<\/div>\n\t\t\t\t<\/div>\n\t\t\t\t\t<\/div>\n\t\t\t\t<\/div>\n\t\t\t\t<\/div>\n\t\t","protected":false},"excerpt":{"rendered":"<p>In merito al ricorso al Tar presentato dalle amministrazioni comunali di Reggio Calabria e Villa San Giovanni, l\u2019Amministratore delegato dello Stretto&#8230;<\/p>\n","protected":false},"author":1,"featured_media":14247,"comment_status":"closed","ping_status":"closed","sticky":false,"template":"","format":"standard","meta":{"inline_featured_image":false,"footnotes":""},"categories":[31],"tags":[],"class_list":["post-14245","post","type-post","status-publish","format-standard","has-post-thumbnail","hentry","category-comunicati"],"aioseo_notices":[],"_links":{"self":[{"href":"https:\/\/strettodimessina.it\/web\/wp-json\/wp\/v2\/posts\/14245","targetHints":{"allow":["GET"]}}],"collection":[{"href":"https:\/\/strettodimessina.it\/web\/wp-json\/wp\/v2\/posts"}],"about":[{"href":"https:\/\/strettodimessina.it\/web\/wp-json\/wp\/v2\/types\/post"}],"author":[{"embeddable":true,"href":"https:\/\/strettodimessina.it\/web\/wp-json\/wp\/v2\/users\/1"}],"replies":[{"embeddable":true,"href":"https:\/\/strettodimessina.it\/web\/wp-json\/wp\/v2\/comments?post=14245"}],"version-history":[{"count":36,"href":"https:\/\/strettodimessina.it\/web\/wp-json\/wp\/v2\/posts\/14245\/revisions"}],"predecessor-version":[{"id":17165,"href":"https:\/\/strettodimessina.it\/web\/wp-json\/wp\/v2\/posts\/14245\/revisions\/17165"}],"wp:featuredmedia":[{"embeddable":true,"href":"https:\/\/strettodimessina.it\/web\/wp-json\/wp\/v2\/media\/14247"}],"wp:attachment":[{"href":"https:\/\/strettodimessina.it\/web\/wp-json\/wp\/v2\/media?parent=14245"}],"wp:term":[{"taxonomy":"category","embeddable":true,"href":"https:\/\/strettodimessina.it\/web\/wp-json\/wp\/v2\/categories?post=14245"},{"taxonomy":"post_tag","embeddable":true,"href":"https:\/\/strettodimessina.it\/web\/wp-json\/wp\/v2\/tags?post=14245"}],"curies":[{"name":"wp","href":"https:\/\/api.w.org\/{rel}","templated":true}]}}